{"id":4373,"date":"2016-03-02T22:00:10","date_gmt":"2016-03-02T21:00:10","guid":{"rendered":"http:\/\/www.airsoft.nu\/blogg\/?p=4373"},"modified":"2016-03-04T01:09:08","modified_gmt":"2016-03-04T00:09:08","slug":"airsoft-nu-pa-plats-i-tyskland-for-iwa-2016","status":"publish","type":"post","link":"http:\/\/www.airsoft.nu\/blogg\/2016\/03\/02\/airsoft-nu-pa-plats-i-tyskland-for-iwa-2016\/","title":{"rendered":"Airsoft.nu p\u00e5 plats i Tyskland f\u00f6r IWA 2016"},"content":{"rendered":"<p><img decoding=\"async\" class=\"aligncenter size-medium wp-image-4375\" src=\"http:\/\/www.airsoft.nu\/blogg\/files\/2016\/03\/iwa2016-1024x683.jpg\" alt=\"IWA 2016\" width=\"630\" srcset=\"http:\/\/www.airsoft.nu\/blogg\/files\/2016\/03\/iwa2016.jpg 1024w, http:\/\/www.airsoft.nu\/blogg\/files\/2016\/03\/iwa2016-768x512.jpg 768w, http:\/\/www.airsoft.nu\/blogg\/files\/2016\/03\/iwa2016-300x200.jpg 300w\" sizes=\"(max-width: 1024px) 100vw, 1024px\" \/><\/p>\n<p><strong>Airsoft.nu finns p\u00e5 plats i Tyskland och redo f\u00f6r m\u00e4ssan IWA OutdoorClassics 2016 som b\u00f6rjar p\u00e5 fredag.<\/strong><\/p>\n<p>Rapporteringen presenteras i samarbete med <a href=\"http:\/\/www.wizeguy.se\" target=\"_blank\">Wizeguy<\/a>, <a href=\"http:\/\/www.rodastjarnan.com\" target=\"_blank\">R\u00f6da Stj\u00e4rnan<\/a>, <a href=\"http:\/\/www.airstrike.se\" target=\"_blank\">AirStrike<\/a> och <a href=\"http:\/\/www.frysenairsoft.se\" target=\"_blank\">Frysen Airsoft<\/a>.<\/p>\n<p>F\u00f6lj v\u00e5r rapportering i f\u00f6ljande kanaler:<br \/>\nFacebook: <a href=\"https:\/\/www.fb.com\/airsoftdb\" target=\"_blank\">Airsoft.nu<\/a><br \/>\nYoutube: <a href=\"https:\/\/www.youtube.com\/airsoftnu\" target=\"_blank\">www.youtube.com\/airsoftnu<\/a> och <a href=\"https:\/\/www.youtube.com\/airsoftnuextra\" target=\"_blank\">www.youtube.com\/airsoftnuextra<\/a><br \/>\noch <a href=\"http:\/\/www.airsoft.nu\/nyheter\" target=\"_blank\">www.airsoft.nu\/nyheter<\/a><\/p>\n","protected":false},"excerpt":{"rendered":"<p>Airsoft.nu finns p\u00e5 plats i Tyskland och redo f\u00f6r m\u00e4ssan IWA OutdoorClassics 2016 som b\u00f6rjar p\u00e5 fredag. Rapporteringen presenteras i samarbete med Wizeguy, R\u00f6da Stj\u00e4rnan, AirStrike och Frysen Airsoft. F\u00f6lj v\u00e5r rapportering i f\u00f6ljande kanaler: Facebook: Airsoft.nu Youtube: www.youtube.com\/airsoftnu och www.youtube.com\/airsoftnuextra och www.airsoft.nu\/nyheter<\/p>\n","protected":false},"author":3,"featured_media":0,"comment_status":"open","ping_status":"open","sticky":false,"template":"","format":"standard","meta":{"footnotes":""},"categories":[12],"tags":[294,257,295],"class_list":["post-4373","post","type-post","status-publish","format-standard","hentry","category-information","tag-iwa-2016","tag-iwa-outdoorclassics","tag-iwa-outdoorclassics-2016"],"_links":{"self":[{"href":"http:\/\/www.airsoft.nu\/blogg\/wp-json\/wp\/v2\/posts\/4373","targetHints":{"allow":["GET"]}}],"collection":[{"href":"http:\/\/www.airsoft.nu\/blogg\/wp-json\/wp\/v2\/posts"}],"about":[{"href":"http:\/\/www.airsoft.nu\/blogg\/wp-json\/wp\/v2\/types\/post"}],"author":[{"embeddable":true,"href":"http:\/\/www.airsoft.nu\/blogg\/wp-json\/wp\/v2\/users\/3"}],"replies":[{"embeddable":true,"href":"http:\/\/www.airsoft.nu\/blogg\/wp-json\/wp\/v2\/comments?post=4373"}],"version-history":[{"count":1,"href":"http:\/\/www.airsoft.nu\/blogg\/wp-json\/wp\/v2\/posts\/4373\/revisions"}],"predecessor-version":[{"id":4376,"href":"http:\/\/www.airsoft.nu\/blogg\/wp-json\/wp\/v2\/posts\/4373\/revisions\/4376"}],"wp:attachment":[{"href":"http:\/\/www.airsoft.nu\/blogg\/wp-json\/wp\/v2\/media?parent=4373"}],"wp:term":[{"taxonomy":"category","embeddable":true,"href":"http:\/\/www.airsoft.nu\/blogg\/wp-json\/wp\/v2\/categories?post=4373"},{"taxonomy":"post_tag","embeddable":true,"href":"http:\/\/www.airsoft.nu\/blogg\/wp-json\/wp\/v2\/tags?post=4373"}],"curies":[{"name":"wp","href":"https:\/\/api.w.org\/{rel}","templated":true}]}}