{"id":1971,"date":"2013-08-19T22:20:10","date_gmt":"2013-08-19T20:20:10","guid":{"rendered":"http:\/\/www.airsoft.nu\/butiker\/?p=1971"},"modified":"2013-08-19T22:20:10","modified_gmt":"2013-08-19T20:20:10","slug":"vapenbutiken-airsoftloppis-och-spelfest-2013-09-01","status":"publish","type":"post","link":"http:\/\/www.airsoft.nu\/butiker\/2013\/08\/19\/vapenbutiken-airsoftloppis-och-spelfest-2013-09-01\/","title":{"rendered":"Vapenbutiken &#8211; Airsoftloppis och spelfest 2013-09-01"},"content":{"rendered":"<p>Vapenbutiken har skickat in en nyhet med information om deras airsoftloppis och spelfest den f\u00f6rsta september;<\/p>\n<h1>Vapenbutiken &#8211; Airsoftloppis + Spelfest 2013-09-01<\/h1>\n<p><img decoding=\"async\" class=\"aligncenter\" title=\"Vapenbutiken\" alt=\"\" src=\"http:\/\/www.airsoft.nu\/butiker\/files\/2012\/09\/vapenbutiken_emaillogo.jpg\" width=\"400\" height=\"62\" \/><\/p>\n<p>Om tv\u00e5 veckor sm\u00e4ller det!<\/p>\n<p>Vapenbutikens Airsoftloppis + spelfest k\u00f6r ig\u00e5ng s\u00f6ndag den 1:a september\u00a012:00 (11:00 f\u00f6r utst\u00e4llare).<\/p>\n<p>Facebook-Eventet hittar ni h\u00e4r:<br \/>\n<a href=\"https:\/\/www.facebook.com\/events\/142711215933585\/?ref=3\" target=\"_blank\">https:\/\/www.facebook.com\/events\/142711215933585\/?ref=3<\/a><\/p>\n<p>Det som g\u00f6r v\u00e5rt event unikt \u00e4r f\u00f6ljande:<br \/>\n1. det kostar ingenting att st\u00e4lla upp som s\u00e4ljare, vi fixar bordsyta<br \/>\n2. det kostar ingenting att bes\u00f6ka eventet, enda kravet \u00e4r att du \u00e4r 18 \u00e5r<br \/>\n3. det kostar ingenting att stanna kvar efter eventet och delta i spelfesten<\/p>\n<p>Dessutom kommer vi ha t\u00e4vlingar b\u00e5de f\u00f6r s\u00e4ljare och f\u00f6r bes\u00f6kare. Finfina\u00a0priser (t.ex. presentkort p\u00e5 500kr).<\/p>\n<p>H\u00e4lsningar,<br \/>\nAdam &#8211; <a href=\"http:\/\/vapenbutiken.com\" target=\"_blank\">vapenbutiken.com<\/a><\/p>\n","protected":false},"excerpt":{"rendered":"<p>Vapenbutiken har skickat in en nyhet med information om deras airsoftloppis och spelfest den f\u00f6rsta september; Vapenbutiken &#8211; Airsoftloppis + Spelfest 2013-09-01 Om tv\u00e5 veckor sm\u00e4ller det! Vapenbutikens Airsoftloppis + spelfest k\u00f6r ig\u00e5ng s\u00f6ndag den 1:a september\u00a012:00 (11:00 f\u00f6r utst\u00e4llare). Facebook-Eventet hittar ni h\u00e4r: https:\/\/www.facebook.com\/events\/142711215933585\/?ref=3 Det som g\u00f6r v\u00e5rt event unikt \u00e4r f\u00f6ljande: 1. det [&hellip;]<\/p>\n","protected":false},"author":3,"featured_media":0,"comment_status":"open","ping_status":"open","sticky":false,"template":"","format":"standard","meta":{"footnotes":""},"categories":[371],"tags":[325,326,159,3],"class_list":["post-1971","post","type-post","status-publish","format-standard","hentry","category-vapenbutiken","tag-airsoftloppis","tag-loppis","tag-spelfest","tag-vapenbutiken"],"_links":{"self":[{"href":"http:\/\/www.airsoft.nu\/butiker\/wp-json\/wp\/v2\/posts\/1971","targetHints":{"allow":["GET"]}}],"collection":[{"href":"http:\/\/www.airsoft.nu\/butiker\/wp-json\/wp\/v2\/posts"}],"about":[{"href":"http:\/\/www.airsoft.nu\/butiker\/wp-json\/wp\/v2\/types\/post"}],"author":[{"embeddable":true,"href":"http:\/\/www.airsoft.nu\/butiker\/wp-json\/wp\/v2\/users\/3"}],"replies":[{"embeddable":true,"href":"http:\/\/www.airsoft.nu\/butiker\/wp-json\/wp\/v2\/comments?post=1971"}],"version-history":[{"count":1,"href":"http:\/\/www.airsoft.nu\/butiker\/wp-json\/wp\/v2\/posts\/1971\/revisions"}],"predecessor-version":[{"id":1972,"href":"http:\/\/www.airsoft.nu\/butiker\/wp-json\/wp\/v2\/posts\/1971\/revisions\/1972"}],"wp:attachment":[{"href":"http:\/\/www.airsoft.nu\/butiker\/wp-json\/wp\/v2\/media?parent=1971"}],"wp:term":[{"taxonomy":"category","embeddable":true,"href":"http:\/\/www.airsoft.nu\/butiker\/wp-json\/wp\/v2\/categories?post=1971"},{"taxonomy":"post_tag","embeddable":true,"href":"http:\/\/www.airsoft.nu\/butiker\/wp-json\/wp\/v2\/tags?post=1971"}],"curies":[{"name":"wp","href":"https:\/\/api.w.org\/{rel}","templated":true}]}}