{"id":2801,"date":"2014-08-29T12:10:15","date_gmt":"2014-08-29T10:10:15","guid":{"rendered":"http:\/\/www.airsoft.nu\/butiker\/?p=2801"},"modified":"2014-08-29T12:10:15","modified_gmt":"2014-08-29T10:10:15","slug":"aleairsoftbutiken-provskjutningsdag-den-6e-september-och-m90k-snart-i-lager","status":"publish","type":"post","link":"http:\/\/www.airsoft.nu\/butiker\/2014\/08\/29\/aleairsoftbutiken-provskjutningsdag-den-6e-september-och-m90k-snart-i-lager\/","title":{"rendered":"ALE\/Airsoftbutiken: Provskjutningsdag den 6:e september och M90K snart i lager"},"content":{"rendered":"<p>Butiken Active Life Equipment\/Airsoftbutiken har skickat in en butiksnyhet om att de ska ha provskjutningsdag den 6:e september (vid butiken i Slutarp) och att M90K (dvs M90 \u00f6kencamo) finns i lager fr\u00e5n och med 3:e september;<\/p>\n<p><img decoding=\"async\" class=\"alignnone size-medium wp-image-2802\" src=\"http:\/\/www.airsoft.nu\/butiker\/files\/2014\/08\/kryptec-630x328.png\" alt=\"Kryptec\" width=\"630\" height=\"328\" srcset=\"http:\/\/www.airsoft.nu\/butiker\/files\/2014\/08\/kryptec-630x328.png 630w, http:\/\/www.airsoft.nu\/butiker\/files\/2014\/08\/kryptec.png 958w\" sizes=\"(max-width: 630px) 100vw, 630px\" \/><\/p>\n<p>Hej och H\u00e5<br \/>\nL\u00f6rdagen den 6 september ska vi ha provskjutning av bl.a M870 gas hagel. Vi kommer att ha riktigt bra extrapriser i butiken. Under kommande vecka kommer det in en del nyheter vilket kommer l\u00e4ggas ut bla p\u00e5 Facebook, Airsoftbutiken och Surplus sidor p\u00f6 om p\u00f6.<\/p>\n<p>Vi har n\u00e5gra vapen inne med Kryptec camo, och det \u00e4r \u00e4ven kl\u00e4der p\u00e5 v\u00e4g in med detta<\/p>\n<p>Onsdagen den 3sept ligger M90K (\u00f6ken) p\u00e5 hyllan. X pris som g\u00e4ller endast l\u00f6rd 6:e \u00e4r: Jacka\/Skjorta 449kr ord 529kr, Byxa 419kr ord 495kr, Booni hatt 119kr ord 159kr<\/p>\n<p><a href=\"http:\/\/www.airsoftbutiken.se\" target=\"_blank\">www.airsoftbutiken.se<\/a><br \/>\n<a href=\"http:\/\/www.surplus.se\" target=\"_blank\">www.surplus.se<\/a><\/p>\n","protected":false},"excerpt":{"rendered":"<p>Butiken Active Life Equipment\/Airsoftbutiken har skickat in en butiksnyhet om att de ska ha provskjutningsdag den 6:e september (vid butiken i Slutarp) och att M90K (dvs M90 \u00f6kencamo) finns i lager fr\u00e5n och med 3:e september; Hej och H\u00e5 L\u00f6rdagen den 6 september ska vi ha provskjutning av bl.a M870 gas hagel. Vi kommer att [&hellip;]<\/p>\n","protected":false},"author":3,"featured_media":0,"comment_status":"open","ping_status":"open","sticky":false,"template":"","format":"standard","meta":{"footnotes":""},"categories":[141,6],"tags":[388,381],"class_list":["post-2801","post","type-post","status-publish","format-standard","hentry","category-active-life-equipment","category-airsoftbutiken","tag-active-life-equipment","tag-airsoftbutiken"],"_links":{"self":[{"href":"http:\/\/www.airsoft.nu\/butiker\/wp-json\/wp\/v2\/posts\/2801","targetHints":{"allow":["GET"]}}],"collection":[{"href":"http:\/\/www.airsoft.nu\/butiker\/wp-json\/wp\/v2\/posts"}],"about":[{"href":"http:\/\/www.airsoft.nu\/butiker\/wp-json\/wp\/v2\/types\/post"}],"author":[{"embeddable":true,"href":"http:\/\/www.airsoft.nu\/butiker\/wp-json\/wp\/v2\/users\/3"}],"replies":[{"embeddable":true,"href":"http:\/\/www.airsoft.nu\/butiker\/wp-json\/wp\/v2\/comments?post=2801"}],"version-history":[{"count":2,"href":"http:\/\/www.airsoft.nu\/butiker\/wp-json\/wp\/v2\/posts\/2801\/revisions"}],"predecessor-version":[{"id":2804,"href":"http:\/\/www.airsoft.nu\/butiker\/wp-json\/wp\/v2\/posts\/2801\/revisions\/2804"}],"wp:attachment":[{"href":"http:\/\/www.airsoft.nu\/butiker\/wp-json\/wp\/v2\/media?parent=2801"}],"wp:term":[{"taxonomy":"category","embeddable":true,"href":"http:\/\/www.airsoft.nu\/butiker\/wp-json\/wp\/v2\/categories?post=2801"},{"taxonomy":"post_tag","embeddable":true,"href":"http:\/\/www.airsoft.nu\/butiker\/wp-json\/wp\/v2\/tags?post=2801"}],"curies":[{"name":"wp","href":"https:\/\/api.w.org\/{rel}","templated":true}]}}