{"id":2895,"date":"2014-09-11T23:59:38","date_gmt":"2014-09-11T21:59:38","guid":{"rendered":"http:\/\/www.airsoft.nu\/butiker\/?p=2895"},"modified":"2014-09-12T00:04:55","modified_gmt":"2014-09-11T22:04:55","slug":"malmo-airsoft-butiken-stanger-tillfalligt-pga-vattenskada","status":"publish","type":"post","link":"http:\/\/www.airsoft.nu\/butiker\/2014\/09\/11\/malmo-airsoft-butiken-stanger-tillfalligt-pga-vattenskada\/","title":{"rendered":"Malm\u00f6 Airsoft: Butiken st\u00e4nger tillf\u00e4lligt pga vattenskada"},"content":{"rendered":"<p>Butiken <a href=\"http:\/\/www.malmoairsoft.se\" target=\"_blank\">Malm\u00f6 Airsoft<\/a> har skickat in en butiksnyhet om att de har haft \u00f6versv\u00e4mning och kommer h\u00e5lla butiken och webshopen st\u00e4ngd ett tag fram\u00f6ver;<\/p>\n<p><img decoding=\"async\" class=\"alignnone size-full wp-image-2896\" src=\"http:\/\/www.airsoft.nu\/butiker\/files\/2014\/09\/malmoairsoft_oversvamning.jpg\" alt=\"\u00d6versv\u00e4mning hos Malm\u00f6 Airsoft\" width=\"554\" height=\"416\" \/><\/p>\n<p>P\u00e5 s\u00f6ndagen [31:a augusti] kom det som folk s\u00e4kert vet ett skyfall \u00f6ver Malm\u00f6.<br \/>\nDet f\u00f6ll enorma m\u00e4ngder regn under en kort period.<\/p>\n<p>V\u00e5r butik ligger i k\u00e4llarplan med en stor viadukt nedanf\u00f6r samt en annan viadukt en bit bort fr\u00e5n v\u00e5r butik. Viadukterna vattenfylldes och vattenm\u00e4ngderna i marken trycktes in i v\u00e5r lokal genom grannlokalernas avlopp och sj\u00e4lva byggnaden sj\u00e4lv.<br \/>\nS\u00e5 enorma vattenm\u00e4ngder r\u00f6rde det sig om.<\/p>\n<p>P\u00e5 s\u00f6ndagseftermiddagen stod det lite mer \u00e4n en meter vatten i hela butiken.<br \/>\nVi r\u00e4ddade kassaapparater och datorer men resten gick inte att r\u00e4dda.<\/p>\n<p>Vi r\u00e4knar med att vara back in business inom en m\u00e5nad, kanske en och en halv.<\/p>\n","protected":false},"excerpt":{"rendered":"<p>Butiken Malm\u00f6 Airsoft har skickat in en butiksnyhet om att de har haft \u00f6versv\u00e4mning och kommer h\u00e5lla butiken och webshopen st\u00e4ngd ett tag fram\u00f6ver; P\u00e5 s\u00f6ndagen [31:a augusti] kom det som folk s\u00e4kert vet ett skyfall \u00f6ver Malm\u00f6. Det f\u00f6ll enorma m\u00e4ngder regn under en kort period. V\u00e5r butik ligger i k\u00e4llarplan med en stor [&hellip;]<\/p>\n","protected":false},"author":3,"featured_media":0,"comment_status":"open","ping_status":"open","sticky":false,"template":"","format":"standard","meta":{"footnotes":""},"categories":[152],"tags":[274,391],"class_list":["post-2895","post","type-post","status-publish","format-standard","hentry","category-malmo-airsoft","tag-malmo","tag-malmo-airsoft"],"_links":{"self":[{"href":"http:\/\/www.airsoft.nu\/butiker\/wp-json\/wp\/v2\/posts\/2895","targetHints":{"allow":["GET"]}}],"collection":[{"href":"http:\/\/www.airsoft.nu\/butiker\/wp-json\/wp\/v2\/posts"}],"about":[{"href":"http:\/\/www.airsoft.nu\/butiker\/wp-json\/wp\/v2\/types\/post"}],"author":[{"embeddable":true,"href":"http:\/\/www.airsoft.nu\/butiker\/wp-json\/wp\/v2\/users\/3"}],"replies":[{"embeddable":true,"href":"http:\/\/www.airsoft.nu\/butiker\/wp-json\/wp\/v2\/comments?post=2895"}],"version-history":[{"count":2,"href":"http:\/\/www.airsoft.nu\/butiker\/wp-json\/wp\/v2\/posts\/2895\/revisions"}],"predecessor-version":[{"id":2898,"href":"http:\/\/www.airsoft.nu\/butiker\/wp-json\/wp\/v2\/posts\/2895\/revisions\/2898"}],"wp:attachment":[{"href":"http:\/\/www.airsoft.nu\/butiker\/wp-json\/wp\/v2\/media?parent=2895"}],"wp:term":[{"taxonomy":"category","embeddable":true,"href":"http:\/\/www.airsoft.nu\/butiker\/wp-json\/wp\/v2\/categories?post=2895"},{"taxonomy":"post_tag","embeddable":true,"href":"http:\/\/www.airsoft.nu\/butiker\/wp-json\/wp\/v2\/tags?post=2895"}],"curies":[{"name":"wp","href":"https:\/\/api.w.org\/{rel}","templated":true}]}}