{"id":2928,"date":"2014-09-24T16:27:33","date_gmt":"2014-09-24T14:27:33","guid":{"rendered":"http:\/\/www.airsoft.nu\/butiker\/?p=2928"},"modified":"2014-09-24T12:28:50","modified_gmt":"2014-09-24T10:28:50","slug":"roda-stjarnan-malmobutiken-firar-1-ar","status":"publish","type":"post","link":"http:\/\/www.airsoft.nu\/butiker\/2014\/09\/24\/roda-stjarnan-malmobutiken-firar-1-ar\/","title":{"rendered":"R\u00f6da Stj\u00e4rnan: Malm\u00f6butiken firar 1 \u00e5r!"},"content":{"rendered":"<p>Butikskedjan R\u00f6da Stj\u00e4rnan har skickat in en butiksnyhet om att deras butik i Malm\u00f6 firar 1 \u00e5r och d\u00e4rf\u00f6r kommer de fira detta nu p\u00e5 l\u00f6rdag;<\/p>\n<p><img decoding=\"async\" class=\"wp-image-2929 size-full aligncenter\" src=\"http:\/\/www.airsoft.nu\/butiker\/files\/2014\/09\/roda_stjarnan_malmo_firar_1ar.jpg\" alt=\"R\u00f6da Stj\u00e4rnan: Malm\u00f6butiken firar 1 \u00e5r\" width=\"503\" height=\"333\" \/><\/p>\n<p>Nu p\u00e5 l\u00f6rdag firar R\u00f6da Stj\u00e4rnans Malm\u00f6butik 1 \u00e5r!! De bjuder p\u00e5 fika och sm\u00f6rg\u00e5st\u00e5rta, har f\u00f6rl\u00e4ngda \u00f6ppettider till 18:00 och inte minst massiva erbjudanden och rabatter till alla glada kunder.<br \/>\nDe passar \u00e4ven p\u00e5 att tacka sina kunder f\u00f6r detta fantastiska f\u00f6rsta \u00e5r! V\u00e4lkomna.<\/p>\n<p>L\u00e4s mer:\u00a0<a href=\"http:\/\/www.rodastjarnan.com\/malmobutik\/\" target=\"_blank\">http:\/\/www.rodastjarnan.com\/malmobutik<\/a><\/p>\n","protected":false},"excerpt":{"rendered":"<p>Butikskedjan R\u00f6da Stj\u00e4rnan har skickat in en butiksnyhet om att deras butik i Malm\u00f6 firar 1 \u00e5r och d\u00e4rf\u00f6r kommer de fira detta nu p\u00e5 l\u00f6rdag; Nu p\u00e5 l\u00f6rdag firar R\u00f6da Stj\u00e4rnans Malm\u00f6butik 1 \u00e5r!! De bjuder p\u00e5 fika och sm\u00f6rg\u00e5st\u00e5rta, har f\u00f6rl\u00e4ngda \u00f6ppettider till 18:00 och inte minst massiva erbjudanden och rabatter till alla [&hellip;]<\/p>\n","protected":false},"author":3,"featured_media":0,"comment_status":"open","ping_status":"open","sticky":false,"template":"","format":"standard","meta":{"footnotes":""},"categories":[240],"tags":[274,396,323],"class_list":["post-2928","post","type-post","status-publish","format-standard","hentry","category-roda-stjarnan","tag-malmo","tag-roda-stjarnan","tag-roda-stjarnan-malmo"],"_links":{"self":[{"href":"http:\/\/www.airsoft.nu\/butiker\/wp-json\/wp\/v2\/posts\/2928","targetHints":{"allow":["GET"]}}],"collection":[{"href":"http:\/\/www.airsoft.nu\/butiker\/wp-json\/wp\/v2\/posts"}],"about":[{"href":"http:\/\/www.airsoft.nu\/butiker\/wp-json\/wp\/v2\/types\/post"}],"author":[{"embeddable":true,"href":"http:\/\/www.airsoft.nu\/butiker\/wp-json\/wp\/v2\/users\/3"}],"replies":[{"embeddable":true,"href":"http:\/\/www.airsoft.nu\/butiker\/wp-json\/wp\/v2\/comments?post=2928"}],"version-history":[{"count":3,"href":"http:\/\/www.airsoft.nu\/butiker\/wp-json\/wp\/v2\/posts\/2928\/revisions"}],"predecessor-version":[{"id":2932,"href":"http:\/\/www.airsoft.nu\/butiker\/wp-json\/wp\/v2\/posts\/2928\/revisions\/2932"}],"wp:attachment":[{"href":"http:\/\/www.airsoft.nu\/butiker\/wp-json\/wp\/v2\/media?parent=2928"}],"wp:term":[{"taxonomy":"category","embeddable":true,"href":"http:\/\/www.airsoft.nu\/butiker\/wp-json\/wp\/v2\/categories?post=2928"},{"taxonomy":"post_tag","embeddable":true,"href":"http:\/\/www.airsoft.nu\/butiker\/wp-json\/wp\/v2\/tags?post=2928"}],"curies":[{"name":"wp","href":"https:\/\/api.w.org\/{rel}","templated":true}]}}