{"id":5228,"date":"2018-09-19T15:35:38","date_gmt":"2018-09-19T13:35:38","guid":{"rendered":"http:\/\/www.airsoft.nu\/butiker\/?p=5228"},"modified":"2018-09-19T15:59:06","modified_gmt":"2018-09-19T13:59:06","slug":"tacticalstore-demodag-och-airsoftspel-helgen-29-30-september","status":"publish","type":"post","link":"http:\/\/www.airsoft.nu\/butiker\/2018\/09\/19\/tacticalstore-demodag-och-airsoftspel-helgen-29-30-september\/","title":{"rendered":"Tacticalstore: Demodag och Airsoftspel helgen 29-30 september"},"content":{"rendered":"<p><img decoding=\"async\" class=\"aligncenter size-medium wp-image-5237\" src=\"http:\/\/www.airsoft.nu\/butiker\/files\/2018\/09\/tacticalstore_asg-630x354.jpg\" alt=\"\" width=\"630\" height=\"354\" srcset=\"http:\/\/www.airsoft.nu\/butiker\/files\/2018\/09\/tacticalstore_asg-630x354.jpg 630w, http:\/\/www.airsoft.nu\/butiker\/files\/2018\/09\/tacticalstore_asg-768x432.jpg 768w, http:\/\/www.airsoft.nu\/butiker\/files\/2018\/09\/tacticalstore_asg-1024x576.jpg 1024w, http:\/\/www.airsoft.nu\/butiker\/files\/2018\/09\/tacticalstore_asg.jpg 1600w\" sizes=\"(max-width: 630px) 100vw, 630px\" \/><\/p>\n<p>Hej!<\/p>\n<p>I slutet av september sm\u00e4ller det rej\u00e4lt hos oss f\u00f6r d\u00e5 arrangerar vi tillsammans med ASG en helg med produkttestning, feta erbjudanden och airsoftspel.<\/p>\n<p>L\u00f6rdag den 29 september h\u00e4lsar ASG p\u00e5 och demonstrerar vapen och annat ur deras sortiment, och dagen till \u00e4ra erbjuder vi 20% rabatt p\u00e5 ASGs sortiment. Vi har dessutom n\u00e5gra andra specialerbjudanden under dagen. P\u00e5 s\u00f6ndagen bjuder vi in till ASG Blaster Tour 2018: Viktory Day som arrangeras tillsammans med ASG.<\/p>\n<p>Mer information om evenemangen hittar ni h\u00e4r:<\/p>\n<p>ASG Demodag:<\/p>\n<p><a href=\"https:\/\/www.facebook.com\/events\/2226256587607159\/\" target=\"_blank\" rel=\"noopener\">https:\/\/www.facebook.com\/events\/2226256587607159\/<\/a><\/p>\n<p>Blaster Tour: Viktory Day<\/p>\n<p><a href=\"https:\/\/www.facebook.com\/events\/261450081148242\/\" target=\"_blank\" rel=\"noopener\">https:\/\/www.facebook.com\/events\/261450081148242\/<\/a><\/p>\n<p>V\u00e4lkomna!<\/p>\n<p>Med v\u00e4nliga h\u00e4lsningar,<\/p>\n<p>Tacticalstore crew<\/p>\n","protected":false},"excerpt":{"rendered":"<p>Hej! I slutet av september sm\u00e4ller det rej\u00e4lt hos oss f\u00f6r d\u00e5 arrangerar vi tillsammans med ASG en helg med produkttestning, feta erbjudanden och airsoftspel. L\u00f6rdag den 29 september h\u00e4lsar ASG p\u00e5 och demonstrerar vapen och annat ur deras sortiment, och dagen till \u00e4ra erbjuder vi 20% rabatt p\u00e5 ASGs sortiment. Vi har dessutom n\u00e5gra [&hellip;]<\/p>\n","protected":false},"author":3,"featured_media":0,"comment_status":"open","ping_status":"open","sticky":false,"template":"","format":"standard","meta":{"footnotes":""},"categories":[157],"tags":[287,393],"class_list":["post-5228","post","type-post","status-publish","format-standard","hentry","category-tacticalstore","tag-abyn","tag-tacticalstore"],"_links":{"self":[{"href":"http:\/\/www.airsoft.nu\/butiker\/wp-json\/wp\/v2\/posts\/5228","targetHints":{"allow":["GET"]}}],"collection":[{"href":"http:\/\/www.airsoft.nu\/butiker\/wp-json\/wp\/v2\/posts"}],"about":[{"href":"http:\/\/www.airsoft.nu\/butiker\/wp-json\/wp\/v2\/types\/post"}],"author":[{"embeddable":true,"href":"http:\/\/www.airsoft.nu\/butiker\/wp-json\/wp\/v2\/users\/3"}],"replies":[{"embeddable":true,"href":"http:\/\/www.airsoft.nu\/butiker\/wp-json\/wp\/v2\/comments?post=5228"}],"version-history":[{"count":7,"href":"http:\/\/www.airsoft.nu\/butiker\/wp-json\/wp\/v2\/posts\/5228\/revisions"}],"predecessor-version":[{"id":5238,"href":"http:\/\/www.airsoft.nu\/butiker\/wp-json\/wp\/v2\/posts\/5228\/revisions\/5238"}],"wp:attachment":[{"href":"http:\/\/www.airsoft.nu\/butiker\/wp-json\/wp\/v2\/media?parent=5228"}],"wp:term":[{"taxonomy":"category","embeddable":true,"href":"http:\/\/www.airsoft.nu\/butiker\/wp-json\/wp\/v2\/categories?post=5228"},{"taxonomy":"post_tag","embeddable":true,"href":"http:\/\/www.airsoft.nu\/butiker\/wp-json\/wp\/v2\/tags?post=5228"}],"curies":[{"name":"wp","href":"https:\/\/api.w.org\/{rel}","templated":true}]}}