{"id":12293,"date":"2018-02-01T12:55:50","date_gmt":"2018-02-01T11:55:50","guid":{"rendered":"http:\/\/www.airsoft.nu\/nyheter\/?p=12293"},"modified":"2018-02-01T12:58:00","modified_gmt":"2018-02-01T11:58:00","slug":"helix-group-international-maxim-defense-pa-shot-show-2018","status":"publish","type":"post","link":"https:\/\/www.airsoft.nu\/nyheter\/2018\/02\/01\/helix-group-international-maxim-defense-pa-shot-show-2018\/","title":{"rendered":"Helix Group International &#038; Maxim Defense p\u00e5 SHOT Show 2018"},"content":{"rendered":"<p><img decoding=\"async\" class=\"aligncenter size-full wp-image-12294\" src=\"https:\/\/www.airsoft.nu\/nyheter\/files\/2018\/02\/helix_shotshow2018.jpg\" alt=\"\" width=\"630\" srcset=\"https:\/\/www.airsoft.nu\/nyheter\/files\/2018\/02\/helix_shotshow2018.jpg 2000w, https:\/\/www.airsoft.nu\/nyheter\/files\/2018\/02\/helix_shotshow2018-768x512.jpg 768w, https:\/\/www.airsoft.nu\/nyheter\/files\/2018\/02\/helix_shotshow2018-1024x682.jpg 1024w\" sizes=\"(max-width: 2000px) 100vw, 2000px\" \/><\/p>\n<p><strong><span style=\"color: #ff0000;\">[SHOT Show 2018]<\/span> P\u00e5 m\u00e4ssan tr\u00e4ffade vi Jack fr\u00e5n Helix Group International som fanns i utst\u00e4llaren Maxim Defenses monter.<\/strong><\/p>\n<p>D\u00e4r visade han upp prototyper av licensierade airsoftvapen fr\u00e5n Maxim Defense, tillverkade av VFC.<\/p>\n<p>Modellerna var ur MDX 415-serien och de f\u00f6rv\u00e4ntas lanseras i v\u00e5r (n\u00e5gon g\u00e5ng mars-april-juni) b\u00e5de som AEG- och GBBR-versioner.<\/p>\n<p>De planerar ocks\u00e5 lansera en Tier 2-platform till PTW.<\/p>\n<p>Ut\u00f6ver det ber\u00e4ttar han bland annat att han har tre fler licenser p\u00e5 g\u00e5ng.<\/p>\n<p><iframe title=\"Helix Group International \/ Maxim Defense at SHOT Show 2018\" width=\"630\" height=\"354\" src=\"https:\/\/www.youtube.com\/embed\/RH6fnNGcja0?feature=oembed\" frameborder=\"0\" allow=\"accelerometer; autoplay; clipboard-write; encrypted-media; gyroscope; picture-in-picture; web-share\" referrerpolicy=\"strict-origin-when-cross-origin\" allowfullscreen><\/iframe><\/p>\n","protected":false},"excerpt":{"rendered":"<p>[SHOT Show 2018] P\u00e5 m\u00e4ssan tr\u00e4ffade vi Jack fr\u00e5n Helix Group International som fanns i utst\u00e4llaren Maxim Defenses monter. D\u00e4r visade han upp prototyper av licensierade airsoftvapen fr\u00e5n Maxim Defense, tillverkade av VFC. Modellerna var ur MDX 415-serien och de f\u00f6rv\u00e4ntas lanseras i v\u00e5r (n\u00e5gon g\u00e5ng mars-april-juni) b\u00e5de som AEG- och GBBR-versioner. De planerar ocks\u00e5 [&hellip;]<\/p>\n","protected":false},"author":3,"featured_media":0,"comment_status":"open","ping_status":"open","sticky":false,"template":"","format":"standard","meta":{"footnotes":""},"categories":[1238],"tags":[1236,1237,1235],"class_list":["post-12293","post","type-post","status-publish","format-standard","hentry","category-helix-group-international","tag-helix-group-international","tag-maxim-defense","tag-shot-show-2018"],"_links":{"self":[{"href":"https:\/\/www.airsoft.nu\/nyheter\/wp-json\/wp\/v2\/posts\/12293","targetHints":{"allow":["GET"]}}],"collection":[{"href":"https:\/\/www.airsoft.nu\/nyheter\/wp-json\/wp\/v2\/posts"}],"about":[{"href":"https:\/\/www.airsoft.nu\/nyheter\/wp-json\/wp\/v2\/types\/post"}],"author":[{"embeddable":true,"href":"https:\/\/www.airsoft.nu\/nyheter\/wp-json\/wp\/v2\/users\/3"}],"replies":[{"embeddable":true,"href":"https:\/\/www.airsoft.nu\/nyheter\/wp-json\/wp\/v2\/comments?post=12293"}],"version-history":[{"count":3,"href":"https:\/\/www.airsoft.nu\/nyheter\/wp-json\/wp\/v2\/posts\/12293\/revisions"}],"predecessor-version":[{"id":12297,"href":"https:\/\/www.airsoft.nu\/nyheter\/wp-json\/wp\/v2\/posts\/12293\/revisions\/12297"}],"wp:attachment":[{"href":"https:\/\/www.airsoft.nu\/nyheter\/wp-json\/wp\/v2\/media?parent=12293"}],"wp:term":[{"taxonomy":"category","embeddable":true,"href":"https:\/\/www.airsoft.nu\/nyheter\/wp-json\/wp\/v2\/categories?post=12293"},{"taxonomy":"post_tag","embeddable":true,"href":"https:\/\/www.airsoft.nu\/nyheter\/wp-json\/wp\/v2\/tags?post=12293"}],"curies":[{"name":"wp","href":"https:\/\/api.w.org\/{rel}","templated":true}]}}