{"id":12489,"date":"2018-03-15T00:03:00","date_gmt":"2018-03-14T23:03:00","guid":{"rendered":"http:\/\/www.airsoft.nu\/nyheter\/?p=12489"},"modified":"2018-03-15T00:03:00","modified_gmt":"2018-03-14T23:03:00","slug":"intervju-med-butiken-tacticalstore-pa-iwa-2018","status":"publish","type":"post","link":"https:\/\/www.airsoft.nu\/nyheter\/2018\/03\/15\/intervju-med-butiken-tacticalstore-pa-iwa-2018\/","title":{"rendered":"Intervju med butiken Tacticalstore p\u00e5 IWA 2018"},"content":{"rendered":"<p><img decoding=\"async\" class=\"aligncenter size-large wp-image-12490\" src=\"https:\/\/www.airsoft.nu\/nyheter\/files\/2018\/03\/tacticalstore_youtube-1024x576.jpg\" alt=\"\" width=\"630\" srcset=\"https:\/\/www.airsoft.nu\/nyheter\/files\/2018\/03\/tacticalstore_youtube-1024x576.jpg 1024w, https:\/\/www.airsoft.nu\/nyheter\/files\/2018\/03\/tacticalstore_youtube-768x432.jpg 768w, https:\/\/www.airsoft.nu\/nyheter\/files\/2018\/03\/tacticalstore_youtube.jpg 1920w\" sizes=\"(max-width: 1024px) 100vw, 1024px\" \/><\/p>\n<p><strong><span style=\"color: #ff0000;\">[IWA 2018]<\/span> Intervju med David och Mats fr\u00e5n butiken Tacticalstore.<\/strong><\/p>\n<p>Sista dagen av m\u00e4ssan IWA 2018 intervjuades David och Mats fr\u00e5n butiken Tacticalstore.se om vad de tycker om \u00e5rets m\u00e4ssa, om de sett n\u00e5gra trevliga kommande produkter och de avsl\u00f6jar ocks\u00e5 att de planerar att bygga ut fysiska butiken i \u00c5byn.<\/p>\n<p>Mer om planerna p\u00e5 att bygga ut butiken i en separat nyhet senare.<\/p>\n<p>Vi tr\u00e4ffade \u00e4ven f\u00f6retr\u00e4dare butiken Malm\u00f6 Airsoft men vi hann aldrig g\u00f6ra n\u00e5gon intervju med dem.<\/p>\n<p>\u00c4ven om det \u00e4r lite olika \u00e5r fr\u00e5n \u00e5r s\u00e5 \u00e4r det generellt f\u00e5 svenska airsoftbutiker som bes\u00f6ker IWA-m\u00e4ssor.<\/p>\n<p><iframe title=\"Intervju med butiken Tacticalstore p\u00e5 IWA 2018\" width=\"630\" height=\"354\" src=\"https:\/\/www.youtube.com\/embed\/LdBQRwir9Lk?feature=oembed\" frameborder=\"0\" allow=\"accelerometer; autoplay; clipboard-write; encrypted-media; gyroscope; picture-in-picture; web-share\" referrerpolicy=\"strict-origin-when-cross-origin\" allowfullscreen><\/iframe><\/p>\n","protected":false},"excerpt":{"rendered":"<p>[IWA 2018] Intervju med David och Mats fr\u00e5n butiken Tacticalstore. Sista dagen av m\u00e4ssan IWA 2018 intervjuades David och Mats fr\u00e5n butiken Tacticalstore.se om vad de tycker om \u00e5rets m\u00e4ssa, om de sett n\u00e5gra trevliga kommande produkter och de avsl\u00f6jar ocks\u00e5 att de planerar att bygga ut fysiska butiken i \u00c5byn. Mer om planerna p\u00e5 [&hellip;]<\/p>\n","protected":false},"author":3,"featured_media":0,"comment_status":"open","ping_status":"open","sticky":false,"template":"","format":"standard","meta":{"footnotes":""},"categories":[412],"tags":[1248,767],"class_list":["post-12489","post","type-post","status-publish","format-standard","hentry","category-iwa-outdoorclassics","tag-iwa-2018","tag-tacticalstore"],"_links":{"self":[{"href":"https:\/\/www.airsoft.nu\/nyheter\/wp-json\/wp\/v2\/posts\/12489","targetHints":{"allow":["GET"]}}],"collection":[{"href":"https:\/\/www.airsoft.nu\/nyheter\/wp-json\/wp\/v2\/posts"}],"about":[{"href":"https:\/\/www.airsoft.nu\/nyheter\/wp-json\/wp\/v2\/types\/post"}],"author":[{"embeddable":true,"href":"https:\/\/www.airsoft.nu\/nyheter\/wp-json\/wp\/v2\/users\/3"}],"replies":[{"embeddable":true,"href":"https:\/\/www.airsoft.nu\/nyheter\/wp-json\/wp\/v2\/comments?post=12489"}],"version-history":[{"count":1,"href":"https:\/\/www.airsoft.nu\/nyheter\/wp-json\/wp\/v2\/posts\/12489\/revisions"}],"predecessor-version":[{"id":12491,"href":"https:\/\/www.airsoft.nu\/nyheter\/wp-json\/wp\/v2\/posts\/12489\/revisions\/12491"}],"wp:attachment":[{"href":"https:\/\/www.airsoft.nu\/nyheter\/wp-json\/wp\/v2\/media?parent=12489"}],"wp:term":[{"taxonomy":"category","embeddable":true,"href":"https:\/\/www.airsoft.nu\/nyheter\/wp-json\/wp\/v2\/categories?post=12489"},{"taxonomy":"post_tag","embeddable":true,"href":"https:\/\/www.airsoft.nu\/nyheter\/wp-json\/wp\/v2\/tags?post=12489"}],"curies":[{"name":"wp","href":"https:\/\/api.w.org\/{rel}","templated":true}]}}