{"id":12753,"date":"2018-05-04T23:50:48","date_gmt":"2018-05-04T21:50:48","guid":{"rendered":"http:\/\/www.airsoft.nu\/nyheter\/?p=12753"},"modified":"2018-05-04T23:50:48","modified_gmt":"2018-05-04T21:50:48","slug":"senchoo-tack-for-denna-tiden","status":"publish","type":"post","link":"https:\/\/www.airsoft.nu\/nyheter\/2018\/05\/04\/senchoo-tack-for-denna-tiden\/","title":{"rendered":"Senchoo: Tack f\u00f6r denna tiden"},"content":{"rendered":"<p><strong>Jag b\u00f6rjade med att vara medlem i redaktionen p\u00e5 Airsoft.nu 2011 genom att kontakta Daniel via en &#8221;annons&#8221; p\u00e5 Airsoftsverige tillbaka p\u00e5 den gamla goda tiden n\u00e4r det forumet var st\u00e4llet man h\u00e4ngde. Det har h\u00e4nt v\u00e4ldigt mycket under tiden jag varit en del av denna sidan.<\/strong><\/p>\n<p>Det har varit en v\u00e4ldigt stor v\u00e4ndpunkt f\u00f6r mig och \u00e4ven mitt airsoftande som tog en mer administrativ inriktning \u00e4ven om mitt intresse f\u00f6r airsoft har v\u00e4xt. Orsaken bakom varf\u00f6r jag v\u00e4ljer att avsluta min roll h\u00e4r \u00e4r f\u00f6r att jag b\u00f6rjar bli till \u00e5ren (sk\u00e4ggig 30-\u00e5ring) och jag har en del projekt som jag verkligen skulle vilja f\u00e5 ig\u00e5ng och d\u00e4r \u00e4r det tiden som helt enkelt inte r\u00e4cker till. Och det \u00e4r inte endast airsoft inriktat utan familj, nytt jobb och andra \u00e5taganden som helt enkelt \u00e4ndrar f\u00f6ruts\u00e4ttningar. Vad ni ist\u00e4llet kommer kunna se mig i framtiden \u00e4r att driva en butik som inte direkt kommer vara knutet till airsoften, men n\u00e4rmare milsim h\u00e5llet (ni som k\u00e4nner mig vet redan vad det inneb\u00e4r).<\/p>\n<p>Jag \u00e4r dock v\u00e4ldigt tacksam f\u00f6r det f\u00f6rtroendet jag har f\u00e5tt under tiden och \u00e4r otroligt glad f\u00f6r att f\u00e5 se airsoften v\u00e4xa under \u00e5ren b\u00e5de h\u00e4r i Sverige och i \u00f6vriga v\u00e4rlden. De eldsj\u00e4lar som driver spelen h\u00e4r i landet \u00e4r jag s\u00e5 otroligt stolt \u00f6ver. Nu menar jag inte endast den st\u00f6rsta &#8221;Berget&#8221; utan jag menar alla som har ett j\u00e4vla anamma i sig och bygger upp spel f\u00f6r att hela Sverige ska kunna f\u00e5 del av, allt fr\u00e5n folk sm\u00e5 skogspartier till stora Str\u00e5ssa. Vi har blivit en stor del av det internationella communityn och har v\u00e4xt \u00e4ven i \u00f6gonen av internationella aff\u00e4rer och tillverkare som ett land med v\u00e4ldigt bra airsoftkultur.<\/p>\n<p>Jag kommer inte bara avsluta min tid bara s\u00e5h\u00e4r direkt. Jag kommer successivt trappa ner (och avsluta n\u00e5gra grejer) innan det \u00e4r dags att dra vidare. Kommer vara en liten bit recensioner och en och annan intervju vi har jobbat p\u00e5 ett tag. Om man g\u00e4rna vill h\u00f6ra min vackra st\u00e4mma kommer det alltid finnas lite Youtube videos, men om man vill h\u00e4lsa p\u00e5 mig ute p\u00e5 spel eller p\u00e5 stan g\u00e5r det sj\u00e4lvklart bra. Tar endast 200:- f\u00f6r en autograf och 50:- f\u00f6r en selfie med mig, sk\u00e4mt \u00e5sido s\u00e5 g\u00e5r det alltid bra att prata med mig.<\/p>\n<p>Jag l\u00e4gger dessutom inte Airsoften p\u00e5 hyllan utan kommer vara med som vilken vanlig spelare som helst.<\/p>\n<p>\u00c4r det n\u00e5gon som vill forts\u00e4tta f\u00f6lja mina uppt\u00e5g finns jag p\u00e5 Instagram d\u00e4r det \u00e4r majoritet airsoft och milsim, samt min egna blogg. Man f\u00e5r dock st\u00e5 ut med ett par bilder p\u00e5 min hund d\u00e4remellan, men som tur \u00e4r g\u00e5r inte allergier genom internet.<\/p>\n<p>Tack f\u00f6r dessa \u00e5r och hoppas jag lyckades underh\u00e5lla er.<\/p>\n<p>Instagram: @senchoomilsim<\/p>\n<p>Blogg: <a href=\"http:\/\/www.senchoo.eu\" target=\"_blank\" rel=\"noopener\">www.senchoo.eu<\/a><\/p>\n<blockquote><p>Airsoft.nu (via Daniel) \u00e4r glad att Fredrik h\u00f6rde av sig och blev en del av redaktionen. Under dessa \u00e5r har vi upplevt mycket trevligt tillsammans, i s\u00e5v\u00e4l Sverige som utomlands.<\/p>\n<p>Som framg\u00e5r ovan slutar inte Fredrik direkt utan om ett tag, s\u00e5 detta \u00e4r bara information om att han kommer sluta p\u00e5 sikt.<\/p>\n<p>\/Daniel<\/p><\/blockquote>\n","protected":false},"excerpt":{"rendered":"<p>Jag b\u00f6rjade med att vara medlem i redaktionen p\u00e5 Airsoft.nu 2011 genom att kontakta Daniel via en &#8221;annons&#8221; p\u00e5 Airsoftsverige tillbaka p\u00e5 den gamla goda tiden n\u00e4r det forumet var st\u00e4llet man h\u00e4ngde. Det har h\u00e4nt v\u00e4ldigt mycket under tiden jag varit en del av denna sidan. Det har varit en v\u00e4ldigt stor v\u00e4ndpunkt f\u00f6r [&hellip;]<\/p>\n","protected":false},"author":13,"featured_media":0,"comment_status":"open","ping_status":"open","sticky":false,"template":"","format":"standard","meta":{"footnotes":""},"categories":[60],"tags":[841],"class_list":["post-12753","post","type-post","status-publish","format-standard","hentry","category-airsoft-nu","tag-airsoft-nu"],"_links":{"self":[{"href":"https:\/\/www.airsoft.nu\/nyheter\/wp-json\/wp\/v2\/posts\/12753","targetHints":{"allow":["GET"]}}],"collection":[{"href":"https:\/\/www.airsoft.nu\/nyheter\/wp-json\/wp\/v2\/posts"}],"about":[{"href":"https:\/\/www.airsoft.nu\/nyheter\/wp-json\/wp\/v2\/types\/post"}],"author":[{"embeddable":true,"href":"https:\/\/www.airsoft.nu\/nyheter\/wp-json\/wp\/v2\/users\/13"}],"replies":[{"embeddable":true,"href":"https:\/\/www.airsoft.nu\/nyheter\/wp-json\/wp\/v2\/comments?post=12753"}],"version-history":[{"count":6,"href":"https:\/\/www.airsoft.nu\/nyheter\/wp-json\/wp\/v2\/posts\/12753\/revisions"}],"predecessor-version":[{"id":12807,"href":"https:\/\/www.airsoft.nu\/nyheter\/wp-json\/wp\/v2\/posts\/12753\/revisions\/12807"}],"wp:attachment":[{"href":"https:\/\/www.airsoft.nu\/nyheter\/wp-json\/wp\/v2\/media?parent=12753"}],"wp:term":[{"taxonomy":"category","embeddable":true,"href":"https:\/\/www.airsoft.nu\/nyheter\/wp-json\/wp\/v2\/categories?post=12753"},{"taxonomy":"post_tag","embeddable":true,"href":"https:\/\/www.airsoft.nu\/nyheter\/wp-json\/wp\/v2\/tags?post=12753"}],"curies":[{"name":"wp","href":"https:\/\/api.w.org\/{rel}","templated":true}]}}