{"id":15007,"date":"2019-07-17T18:07:53","date_gmt":"2019-07-17T16:07:53","guid":{"rendered":"http:\/\/www.airsoft.nu\/nyheter\/?p=15007"},"modified":"2023-10-23T11:44:51","modified_gmt":"2023-10-23T09:44:51","slug":"pa-vag-till-gg-world-cup-2019-i-taiwan","status":"publish","type":"post","link":"https:\/\/www.airsoft.nu\/nyheter\/2019\/07\/17\/pa-vag-till-gg-world-cup-2019-i-taiwan\/","title":{"rendered":"P\u00e5 v\u00e4g till G&#038;G World Cup 2019 i Taiwan"},"content":{"rendered":"\n<figure class=\"wp-block-image\"><img decoding=\"async\" width=\"800\" height=\"450\" src=\"https:\/\/www.airsoft.nu\/nyheter\/files\/2019\/07\/avresa_gg_worldcup_2019_taiwan.jpg\" alt=\"\" class=\"wp-image-15105\" srcset=\"https:\/\/www.airsoft.nu\/nyheter\/files\/2019\/07\/avresa_gg_worldcup_2019_taiwan.jpg 800w, https:\/\/www.airsoft.nu\/nyheter\/files\/2019\/07\/avresa_gg_worldcup_2019_taiwan-768x432.jpg 768w\" sizes=\"(max-width: 800px) 100vw, 800px\" \/><\/figure>\n\n\n\n<p><strong>Ikv\u00e4ll p\u00e5b\u00f6rjar Fredrik Tureson och Joakim \u00c5berg sin resa till Taiwan f\u00f6r att representera Sverige i G&amp;G World Cup 2019 (19-21 juli).<\/strong><\/p>\n\n\n\n<p>De kommer fram till Taipei (huvudstaden i Taiwan) p\u00e5 torsdag kv\u00e4ll (lokal tid) och p\u00e5 fredag morgon startar t\u00e4vlingsaktiviteterna. P\u00e5 s\u00f6ndag eftermiddag (f\u00f6rmiddag i Sverige) vet vi finalens slutgiltiga resultat.<\/p>\n\n\n\n<p>Sedan l\u00e4mnar de Taiwan p\u00e5 m\u00e5ndag kv\u00e4ll (lokal tid), men innan dess ett bes\u00f6k i bland annat presidentpalatset.<\/p>\n\n\n\n<p><em>N\u00e4r det g\u00e4ller tidsskillnaden \u00e4r Taiwan 6 timmar f\u00f6re Sverige.<\/em><\/p>\n\n\n\n<p>F\u00f6lj Fredrik och Joakim p\u00e5 Instagram:<br>Fredrik: <a rel=\"noreferrer noopener\" aria-label=\"https:\/\/www.instagram.com\/tredia_airsoft\/ (\u00f6ppnas i en ny flik)\" href=\"https:\/\/www.instagram.com\/tredia_airsoft\/\" target=\"_blank\">https:\/\/www.instagram.com\/tredia_airsoft\/<\/a><br>Joakim: <a rel=\"noreferrer noopener\" aria-label=\" (\u00f6ppnas i en ny flik)\" href=\"https:\/\/www.instagram.com\/tos_airsoft\/\" target=\"_blank\">https:\/\/www.instagram.com\/tos_airsoft\/<\/a><\/p>\n\n\n\n<p>Vi h\u00e5ller tummarna f\u00f6r Fredrik Tureson och Joakim \u00c5berg!<\/p>\n\n\n\n<p>P\u00e5 s\u00f6ndag kommer en nyhet med information om hur det gick i t\u00e4vlingen!<\/p>\n\n\n\n<!--more L\u00e4s mer-->\n\n\n\n<figure class=\"wp-block-image\"><img decoding=\"async\" width=\"720\" height=\"360\" src=\"https:\/\/www.airsoft.nu\/nyheter\/files\/2019\/07\/tilltaiwan.gif\" alt=\"\" class=\"wp-image-15098\"\/><figcaption class=\"wp-element-caption\">Resrutten mellan Sverige (Landvetter) och Taiwan g\u00e5r via Frankfurt och Hong Kong.<\/figcaption><\/figure>\n\n\n\n<figure class=\"wp-block-embed is-type-rich is-provider-instagram wp-block-embed-instagram\"><div class=\"wp-block-embed__wrapper\">\nhttps:\/\/www.instagram.com\/p\/BzztlyriB_U\/\n<\/div><\/figure>\n\n\n\n<figure class=\"wp-block-embed is-type-rich is-provider-instagram wp-block-embed-instagram\"><div class=\"wp-block-embed__wrapper\">\nhttps:\/\/www.instagram.com\/p\/Bz-7jHoC4bf\/\n<\/div><\/figure>\n\n\n\n<figure class=\"wp-block-embed is-type-rich is-provider-instagram wp-block-embed-instagram\"><div class=\"wp-block-embed__wrapper\">\nhttps:\/\/www.instagram.com\/p\/Bz_Ibs9lUbf\/\n<\/div><\/figure>\n\n\n\n<figure class=\"wp-block-embed is-type-video is-provider-youtube wp-block-embed-youtube wp-embed-aspect-16-9 wp-has-aspect-ratio\"><div class=\"wp-block-embed__wrapper\">\n<iframe title=\"Sverige-finalen inf\u00f6r G&amp;G World Cup 2019 i Taiwan\" width=\"500\" height=\"281\" src=\"https:\/\/www.youtube.com\/embed\/2UcbbjzgnJw?feature=oembed\" frameborder=\"0\" allow=\"accelerometer; autoplay; clipboard-write; encrypted-media; gyroscope; picture-in-picture; web-share\" referrerpolicy=\"strict-origin-when-cross-origin\" allowfullscreen><\/iframe>\n<\/div><\/figure>\n","protected":false},"excerpt":{"rendered":"<p>Ikv\u00e4ll p\u00e5b\u00f6rjar Fredrik Tureson och Joakim \u00c5berg sin resa till Taiwan f\u00f6r att representera Sverige i G&amp;G World Cup 2019 (19-21 juli). De kommer fram till Taipei (huvudstaden i Taiwan) p\u00e5 torsdag kv\u00e4ll (lokal tid) och p\u00e5 fredag morgon startar t\u00e4vlingsaktiviteterna. P\u00e5 s\u00f6ndag eftermiddag (f\u00f6rmiddag i Sverige) vet vi finalens slutgiltiga resultat. Sedan l\u00e4mnar de [&hellip;]<\/p>\n","protected":false},"author":3,"featured_media":0,"comment_status":"open","ping_status":"open","sticky":false,"template":"","format":"standard","meta":{"footnotes":""},"categories":[61],"tags":[842,1541,1323,64],"class_list":["post-15007","post","type-post","status-publish","format-standard","hentry","category-gg-armament","tag-gg-armament","tag-gg-world-cup","tag-gg-world-cup-2019","tag-taiwan"],"_links":{"self":[{"href":"https:\/\/www.airsoft.nu\/nyheter\/wp-json\/wp\/v2\/posts\/15007","targetHints":{"allow":["GET"]}}],"collection":[{"href":"https:\/\/www.airsoft.nu\/nyheter\/wp-json\/wp\/v2\/posts"}],"about":[{"href":"https:\/\/www.airsoft.nu\/nyheter\/wp-json\/wp\/v2\/types\/post"}],"author":[{"embeddable":true,"href":"https:\/\/www.airsoft.nu\/nyheter\/wp-json\/wp\/v2\/users\/3"}],"replies":[{"embeddable":true,"href":"https:\/\/www.airsoft.nu\/nyheter\/wp-json\/wp\/v2\/comments?post=15007"}],"version-history":[{"count":11,"href":"https:\/\/www.airsoft.nu\/nyheter\/wp-json\/wp\/v2\/posts\/15007\/revisions"}],"predecessor-version":[{"id":17936,"href":"https:\/\/www.airsoft.nu\/nyheter\/wp-json\/wp\/v2\/posts\/15007\/revisions\/17936"}],"wp:attachment":[{"href":"https:\/\/www.airsoft.nu\/nyheter\/wp-json\/wp\/v2\/media?parent=15007"}],"wp:term":[{"taxonomy":"category","embeddable":true,"href":"https:\/\/www.airsoft.nu\/nyheter\/wp-json\/wp\/v2\/categories?post=15007"},{"taxonomy":"post_tag","embeddable":true,"href":"https:\/\/www.airsoft.nu\/nyheter\/wp-json\/wp\/v2\/tags?post=15007"}],"curies":[{"name":"wp","href":"https:\/\/api.w.org\/{rel}","templated":true}]}}