{"id":15963,"date":"2020-02-12T10:39:21","date_gmt":"2020-02-12T09:39:21","guid":{"rendered":"http:\/\/www.airsoft.nu\/nyheter\/?p=15963"},"modified":"2020-02-12T10:55:27","modified_gmt":"2020-02-12T09:55:27","slug":"vfc-staller-in-medverkan-pa-iwa-2020","status":"publish","type":"post","link":"https:\/\/www.airsoft.nu\/nyheter\/2020\/02\/12\/vfc-staller-in-medverkan-pa-iwa-2020\/","title":{"rendered":"VFC st\u00e4ller in medverkan p\u00e5 IWA 2020"},"content":{"rendered":"\n<figure class=\"wp-block-image size-large\"><img decoding=\"async\" width=\"800\" height=\"450\" src=\"https:\/\/www.airsoft.nu\/nyheter\/files\/2020\/02\/vfc_cancel_iwa2020.png\" alt=\"\" class=\"wp-image-15966\" srcset=\"https:\/\/www.airsoft.nu\/nyheter\/files\/2020\/02\/vfc_cancel_iwa2020.png 800w, https:\/\/www.airsoft.nu\/nyheter\/files\/2020\/02\/vfc_cancel_iwa2020-768x432.png 768w\" sizes=\"(max-width: 800px) 100vw, 800px\" \/><\/figure>\n\n\n\n<p><strong>Tillverkaren VFC (VegaForceCompany) har idag offentliggjort att de st\u00e4ller in sin medverkan p\u00e5 m\u00e4ssan IWA 2020.<\/strong><\/p>\n\n\n\n<p>Anledningen till detta \u00e4r relaterat risken f\u00f6r coronaviruset och att de inte vill r\u00e5ka vara delaktiga i spridningen av detta, med h\u00e4nsyn till deras personal och kunder.<\/p>\n\n\n\n<p>M\u00e4ssarrang\u00f6ren f\u00f6ljer utvecklingen och tar s\u00e4kerheten p\u00e5 stort allvar och kommer detta \u00e5r vidta n\u00e5gra extra s\u00e4kerhets\u00e5tg\u00e4rder (<a rel=\"noreferrer noopener\" aria-label=\"l\u00e4s mer (\u00f6ppnas i en ny flik)\" href=\"https:\/\/www.nuernbergmesse.de\/en\/coronavirus\" target=\"_blank\">l\u00e4s mer<\/a>).<\/p>\n\n\n\n<p>Det \u00e5terst\u00e5r att se ifall fler utst\u00e4llare fr\u00e5n Asien ocks\u00e5 st\u00e4ller in. Kollar man p\u00e5 m\u00e4ssan mobilm\u00e4ssan MWC i Barcelona i slutet av denna m\u00e5nad, har m\u00e4ngder med stora f\u00f6retag hoppat av p\u00e5 grund av smittorisken.<\/p>\n\n\n\n<p>H\u00e4r \u00e4r en video fr\u00e5n airsoftm\u00e4ssan MOA 2019 i Taiwan d\u00e4r VFC visar upp lanseringar f\u00f6r 2020 och \u00e4r f\u00f6rmodligen ungef\u00e4r det som de skulle ha visat upp p\u00e5 IWA.<\/p>\n\n\n\n<figure class=\"wp-block-embed-youtube wp-block-embed is-type-video is-provider-youtube wp-embed-aspect-16-9 wp-has-aspect-ratio\"><div class=\"wp-block-embed__wrapper\">\n<iframe title=\"VFC Airsoft releases 2020 (MOA 2019)\" width=\"500\" height=\"281\" src=\"https:\/\/www.youtube.com\/embed\/0hciFQ4Rzx8?feature=oembed\" frameborder=\"0\" allow=\"accelerometer; autoplay; clipboard-write; encrypted-media; gyroscope; picture-in-picture; web-share\" referrerpolicy=\"strict-origin-when-cross-origin\" allowfullscreen><\/iframe>\n<\/div><\/figure>\n\n\n\n<!--more L\u00e4s mer-->\n\n\n<blockquote>\n<p>IMPORTANT ANNOUNCEMENT:<\/p>\n<p>&#8221;VegaForceCompany will not attend the 2020 IWA exhibition&#8221;<\/p>\n<p>As you are aware, there is a new novel coronavirus (Wuhan pneumonia) spreading throughout mainland China and the rest of the world,.<\/p>\n<p>Although there is only very isolated infection in Taiwan at this time (and none within our company) we of course still want to take the lessons of past flu outbreaks to heart: We want to take the side of caution as an organization for our employees, follow best health practices, and avoid crowded places in the near future.<\/p>\n<p>For protect all of our customer and friend&#8217;s safety and health, reduce the risk of virus infection internally VFC has decided to cancel our presence the IWA exhibition in March 2020. This also includes any scheduled meetings during the show that we have already confirmed.<\/p>\n<p>It is a difficult decision to make to not be unable to meet with our customers and friends this year, however, VFC will find another opportunity to display 2020 new products as the year continues.<\/p>\n<p>Once again, VFC apologizes for any inconvenience, and thanks you for your kind understanding.<\/p>\n<p>Also look forward to seeing you all in 2021 IWA exhibitions.<\/p>\n<\/blockquote>\n\n\n<div class=\"wp-block-file\"><a href=\"https:\/\/www.airsoft.nu\/nyheter\/files\/2020\/02\/IWA2020_NOTICE.pdf\">IWA2020_NOTICE<\/a><a href=\"https:\/\/www.airsoft.nu\/nyheter\/files\/2020\/02\/IWA2020_NOTICE.pdf\" class=\"wp-block-file__button\" download>Ladda ner<\/a><\/div>\n","protected":false},"excerpt":{"rendered":"<p>Tillverkaren VFC (VegaForceCompany) har idag offentliggjort att de st\u00e4ller in sin medverkan p\u00e5 m\u00e4ssan IWA 2020. Anledningen till detta \u00e4r relaterat risken f\u00f6r coronaviruset och att de inte vill r\u00e5ka vara delaktiga i spridningen av detta, med h\u00e4nsyn till deras personal och kunder. M\u00e4ssarrang\u00f6ren f\u00f6ljer utvecklingen och tar s\u00e4kerheten p\u00e5 stort allvar och kommer detta [&hellip;]<\/p>\n","protected":false},"author":3,"featured_media":0,"comment_status":"open","ping_status":"open","sticky":false,"template":"","format":"standard","meta":{"footnotes":""},"categories":[794],"tags":[1371,378,121],"class_list":["post-15963","post","type-post","status-publish","format-standard","hentry","category-vfc","tag-iwa-2020","tag-vegaforcecompany","tag-vfc"],"_links":{"self":[{"href":"https:\/\/www.airsoft.nu\/nyheter\/wp-json\/wp\/v2\/posts\/15963","targetHints":{"allow":["GET"]}}],"collection":[{"href":"https:\/\/www.airsoft.nu\/nyheter\/wp-json\/wp\/v2\/posts"}],"about":[{"href":"https:\/\/www.airsoft.nu\/nyheter\/wp-json\/wp\/v2\/types\/post"}],"author":[{"embeddable":true,"href":"https:\/\/www.airsoft.nu\/nyheter\/wp-json\/wp\/v2\/users\/3"}],"replies":[{"embeddable":true,"href":"https:\/\/www.airsoft.nu\/nyheter\/wp-json\/wp\/v2\/comments?post=15963"}],"version-history":[{"count":3,"href":"https:\/\/www.airsoft.nu\/nyheter\/wp-json\/wp\/v2\/posts\/15963\/revisions"}],"predecessor-version":[{"id":15968,"href":"https:\/\/www.airsoft.nu\/nyheter\/wp-json\/wp\/v2\/posts\/15963\/revisions\/15968"}],"wp:attachment":[{"href":"https:\/\/www.airsoft.nu\/nyheter\/wp-json\/wp\/v2\/media?parent=15963"}],"wp:term":[{"taxonomy":"category","embeddable":true,"href":"https:\/\/www.airsoft.nu\/nyheter\/wp-json\/wp\/v2\/categories?post=15963"},{"taxonomy":"post_tag","embeddable":true,"href":"https:\/\/www.airsoft.nu\/nyheter\/wp-json\/wp\/v2\/tags?post=15963"}],"curies":[{"name":"wp","href":"https:\/\/api.w.org\/{rel}","templated":true}]}}