{"id":5547,"date":"2013-09-07T23:45:36","date_gmt":"2013-09-07T21:45:36","guid":{"rendered":"http:\/\/www.airsoft.nu\/nyheter\/?p=5547"},"modified":"2018-10-08T12:05:15","modified_gmt":"2018-10-08T10:05:15","slug":"roda-stjarnan-oppnar-butik-i-malmo","status":"publish","type":"post","link":"https:\/\/www.airsoft.nu\/nyheter\/2013\/09\/07\/roda-stjarnan-oppnar-butik-i-malmo\/","title":{"rendered":"R\u00f6da Stj\u00e4rnan \u00f6ppnar butik i Malm\u00f6"},"content":{"rendered":"<p><img decoding=\"async\" class=\"size-full wp-image-5561 alignnone\" src=\"https:\/\/www.airsoft.nu\/nyheter\/files\/2013\/09\/roda_stjarnan_malmo.jpg\" alt=\"R\u00f6da Stj\u00e4rnan Malm\u00f6\" width=\"630\" height=\"470\" \/><\/p>\n<p>P\u00e5 m\u00e5ndag den 9:e september \u00f6ppnar R\u00f6da Stj\u00e4rnan sin butik i Malm\u00f6 p\u00e5 adressen Drottningtorget 2A.<\/p>\n<p>Detta \u00e4r R\u00f6da Stj\u00e4rnans tredje butik, dom andra finns i <a title=\"R\u00f6da Stj\u00e4rnans Stockholmsbutik flyttar\" href=\"https:\/\/www.airsoft.nu\/nyheter\/2012\/10\/11\/roda-stjarnans-stockholmsbutik-flyttar\/\">Stockholm<\/a> och <a title=\"R\u00f6da Stj\u00e4rnan \u00f6ppnar butik i G\u00f6teborg\" href=\"https:\/\/www.airsoft.nu\/nyheter\/2012\/07\/10\/roda-stjarnan-oppnar-butik-i-goteborg\/\">G\u00f6teborg<\/a>. Under f\u00f6rsta veckan kommer butiken ha 15% rabatt, l\u00e4s mer i <a href=\"http:\/\/www.airsoft.nu\/butiker\/2013\/07\/31\/roda-stjarnan-oppnar-i-malmo\/\">pressmeddelandet<\/a> R\u00f6da Stj\u00e4rnan skickade in 31 juli eller p\u00e5 deras hemsida.<\/p>\n<p>Fler bilder fr\u00e5n butiken nu innan \u00f6ppnandet finns p\u00e5 facebook-l\u00e4nken nedan.<\/p>\n<p><strong>L\u00e4nkar:<\/strong><br \/>\n<a href=\"http:\/\/www.rodastjarnan.com\/malmobutik\" target=\"_blank\" rel=\"noopener\">http:\/\/www.rodastjarnan.com\/malmobutik<br \/>\n<\/a><a href=\"https:\/\/www.facebook.com\/events\/1384846531740554\/\" target=\"_blank\" rel=\"noopener\">https:\/\/www.facebook.com\/events\/1384846531740554\/<\/a><\/p>\n","protected":false},"excerpt":{"rendered":"<p>P\u00e5 m\u00e5ndag den 9:e september \u00f6ppnar R\u00f6da Stj\u00e4rnan sin butik i Malm\u00f6 p\u00e5 adressen Drottningtorget 2A. Detta \u00e4r R\u00f6da Stj\u00e4rnans tredje butik, dom andra finns i Stockholm och G\u00f6teborg. Under f\u00f6rsta veckan kommer butiken ha 15% rabatt, l\u00e4s mer i pressmeddelandet R\u00f6da Stj\u00e4rnan skickade in 31 juli eller p\u00e5 deras hemsida. Fler bilder fr\u00e5n butiken [&hellip;]<\/p>\n","protected":false},"author":3,"featured_media":0,"comment_status":"open","ping_status":"open","sticky":false,"template":"","format":"standard","meta":{"footnotes":""},"categories":[591,23],"tags":[79,69,634],"class_list":["post-5547","post","type-post","status-publish","format-standard","hentry","category-allmant","category-roda-stjarnans-militaria","tag-malmo","tag-roda-stjarnan","tag-roda-stjarnan-malmo"],"_links":{"self":[{"href":"https:\/\/www.airsoft.nu\/nyheter\/wp-json\/wp\/v2\/posts\/5547","targetHints":{"allow":["GET"]}}],"collection":[{"href":"https:\/\/www.airsoft.nu\/nyheter\/wp-json\/wp\/v2\/posts"}],"about":[{"href":"https:\/\/www.airsoft.nu\/nyheter\/wp-json\/wp\/v2\/types\/post"}],"author":[{"embeddable":true,"href":"https:\/\/www.airsoft.nu\/nyheter\/wp-json\/wp\/v2\/users\/3"}],"replies":[{"embeddable":true,"href":"https:\/\/www.airsoft.nu\/nyheter\/wp-json\/wp\/v2\/comments?post=5547"}],"version-history":[{"count":5,"href":"https:\/\/www.airsoft.nu\/nyheter\/wp-json\/wp\/v2\/posts\/5547\/revisions"}],"predecessor-version":[{"id":13582,"href":"https:\/\/www.airsoft.nu\/nyheter\/wp-json\/wp\/v2\/posts\/5547\/revisions\/13582"}],"wp:attachment":[{"href":"https:\/\/www.airsoft.nu\/nyheter\/wp-json\/wp\/v2\/media?parent=5547"}],"wp:term":[{"taxonomy":"category","embeddable":true,"href":"https:\/\/www.airsoft.nu\/nyheter\/wp-json\/wp\/v2\/categories?post=5547"},{"taxonomy":"post_tag","embeddable":true,"href":"https:\/\/www.airsoft.nu\/nyheter\/wp-json\/wp\/v2\/tags?post=5547"}],"curies":[{"name":"wp","href":"https:\/\/api.w.org\/{rel}","templated":true}]}}