{"id":6794,"date":"2015-02-16T19:53:10","date_gmt":"2015-02-16T18:53:10","guid":{"rendered":"http:\/\/www.airsoft.nu\/nyheter\/?p=6794"},"modified":"2015-02-16T19:57:49","modified_gmt":"2015-02-16T18:57:49","slug":"fredagen-den-13e-mars-oppnar-butiken-malmo-airsoft","status":"publish","type":"post","link":"https:\/\/www.airsoft.nu\/nyheter\/2015\/02\/16\/fredagen-den-13e-mars-oppnar-butiken-malmo-airsoft\/","title":{"rendered":"Fredagen den 13:e (mars) \u00f6ppnar butiken Malm\u00f6 Airsoft"},"content":{"rendered":"<p><img decoding=\"async\" class=\"alignnone size-large wp-image-6795\" src=\"https:\/\/www.airsoft.nu\/nyheter\/files\/2015\/02\/malmo_airsoft_reopen_airsoftnu-1024x657.png\" alt=\"Fredagen den 13:e hos Malm\u00f6 Airsoft\" width=\"630\" srcset=\"https:\/\/www.airsoft.nu\/nyheter\/files\/2015\/02\/malmo_airsoft_reopen_airsoftnu-1024x657.png 1024w, https:\/\/www.airsoft.nu\/nyheter\/files\/2015\/02\/malmo_airsoft_reopen_airsoftnu.png 1260w\" sizes=\"(max-width: 1024px) 100vw, 1024px\" \/><\/p>\n<p>Butiken <a href=\"http:\/\/www.malmoairsoft.se\" target=\"_blank\">Malm\u00f6 Airsoft<\/a> har meddelat i sina medier att deras\u00a0nyrenoverade butik kommer invigas den speciella dagen &#8221;Fredagen den 13:e&#8221; mars och\u00a0tid meddelas senare.<\/p>\n<p>Det var i slutet av augusti f\u00f6rra \u00e5ret som Malm\u00f6 drabbades av stora skyfall och resulterade i att butiken blev \u00f6versv\u00e4mmad och\u00a0omfattande <a title=\"\u00d6versv\u00e4mning hos Malm\u00f6 Airsoft\" href=\"https:\/\/www.airsoft.nu\/nyheter\/2014\/09\/11\/oversvamning-hos-malmo-airsoft\/\">vattenskada<\/a> som f\u00f6ljd och d\u00e4rf\u00f6r tillf\u00e4lligt fick st\u00e4nga.<\/p>\n","protected":false},"excerpt":{"rendered":"<p>Butiken Malm\u00f6 Airsoft har meddelat i sina medier att deras\u00a0nyrenoverade butik kommer invigas den speciella dagen &#8221;Fredagen den 13:e&#8221; mars och\u00a0tid meddelas senare. Det var i slutet av augusti f\u00f6rra \u00e5ret som Malm\u00f6 drabbades av stora skyfall och resulterade i att butiken blev \u00f6versv\u00e4mmad och\u00a0omfattande vattenskada som f\u00f6ljd och d\u00e4rf\u00f6r tillf\u00e4lligt fick st\u00e4nga.<\/p>\n","protected":false},"author":3,"featured_media":0,"comment_status":"open","ping_status":"open","sticky":false,"template":"","format":"standard","meta":{"footnotes":""},"categories":[530],"tags":[79,466],"class_list":["post-6794","post","type-post","status-publish","format-standard","hentry","category-butiker","tag-malmo","tag-malmo-airsoft"],"_links":{"self":[{"href":"https:\/\/www.airsoft.nu\/nyheter\/wp-json\/wp\/v2\/posts\/6794","targetHints":{"allow":["GET"]}}],"collection":[{"href":"https:\/\/www.airsoft.nu\/nyheter\/wp-json\/wp\/v2\/posts"}],"about":[{"href":"https:\/\/www.airsoft.nu\/nyheter\/wp-json\/wp\/v2\/types\/post"}],"author":[{"embeddable":true,"href":"https:\/\/www.airsoft.nu\/nyheter\/wp-json\/wp\/v2\/users\/3"}],"replies":[{"embeddable":true,"href":"https:\/\/www.airsoft.nu\/nyheter\/wp-json\/wp\/v2\/comments?post=6794"}],"version-history":[{"count":3,"href":"https:\/\/www.airsoft.nu\/nyheter\/wp-json\/wp\/v2\/posts\/6794\/revisions"}],"predecessor-version":[{"id":6798,"href":"https:\/\/www.airsoft.nu\/nyheter\/wp-json\/wp\/v2\/posts\/6794\/revisions\/6798"}],"wp:attachment":[{"href":"https:\/\/www.airsoft.nu\/nyheter\/wp-json\/wp\/v2\/media?parent=6794"}],"wp:term":[{"taxonomy":"category","embeddable":true,"href":"https:\/\/www.airsoft.nu\/nyheter\/wp-json\/wp\/v2\/categories?post=6794"},{"taxonomy":"post_tag","embeddable":true,"href":"https:\/\/www.airsoft.nu\/nyheter\/wp-json\/wp\/v2\/tags?post=6794"}],"curies":[{"name":"wp","href":"https:\/\/api.w.org\/{rel}","templated":true}]}}