{"id":8224,"date":"2015-12-18T17:18:14","date_gmt":"2015-12-18T16:18:14","guid":{"rendered":"http:\/\/www.airsoft.nu\/nyheter\/?p=8224"},"modified":"2015-12-18T17:18:35","modified_gmt":"2015-12-18T16:18:35","slug":"020-magazine-nr-3-med-chris-costa","status":"publish","type":"post","link":"https:\/\/www.airsoft.nu\/nyheter\/2015\/12\/18\/020-magazine-nr-3-med-chris-costa\/","title":{"rendered":"0&#8217;20 Magazine nr 3 med Chris Costa"},"content":{"rendered":"<p><img decoding=\"async\" class=\"aligncenter size-full wp-image-8225\" src=\"https:\/\/www.airsoft.nu\/nyheter\/files\/2015\/12\/020mag_nr3_airsoftnu.jpg\" alt=\"020mag_nr3_airsoftnu\" width=\"630\" height=\"380\" \/><\/p>\n<p>Redaktionen p\u00e5 gratistidningen 0&#8217;20 Magazine i Spanien har skickat in information om att de har sl\u00e4ppt nr 3 av den engelska versionen.<\/p>\n<p>H\u00f6jdpunkter i tidningen \u00e4r bland annat en\u00a0intervju med Chris Costa.<\/p>\n<p>L\u00e4s tidningen:\u00a0<a href=\"http:\/\/www.020mag.com\/magazine\/03\/\" target=\"_blank\">http:\/\/www.020mag.com\/magazine\/03\/<\/a><\/p>\n<blockquote><p>We have a brief question for you. Do you know why &#8221;The beard&#8221; holds the rifle this way?<\/p>\n<p>We&#8217;ve asked him, yeah, to Chris Costa!! Click here, you&#8217;ll have the his anser in the lastest issue of 0&#8217;20 magazine:<br \/>\n<a href=\"http:\/\/www.020mag.com\/magazine\/03\/index.php?page=7\" target=\"_blank\">http:\/\/www.020mag.com\/magazine\/03\/index.php?page=7<\/a><\/p>\n<p>Chris Costa has shared a lot of his details in this interview, special for you!!<\/p><\/blockquote>\n<p>Vad Airsoft.nu k\u00e4nner till s\u00e5 brukar butiken Frysen Airsoft i J\u00f6nk\u00f6ping ha 0&#8217;20 Magazine i\u00a0pappersformat i fysiska butiken men oklart om de har f\u00e5tt in senaste numret \u00e4n.<\/p>\n","protected":false},"excerpt":{"rendered":"<p>Redaktionen p\u00e5 gratistidningen 0&#8217;20 Magazine i Spanien har skickat in information om att de har sl\u00e4ppt nr 3 av den engelska versionen. H\u00f6jdpunkter i tidningen \u00e4r bland annat en\u00a0intervju med Chris Costa. L\u00e4s tidningen:\u00a0http:\/\/www.020mag.com\/magazine\/03\/ We have a brief question for you. Do you know why &#8221;The beard&#8221; holds the rifle this way? We&#8217;ve asked him, [&hellip;]<\/p>\n","protected":false},"author":3,"featured_media":0,"comment_status":"open","ping_status":"open","sticky":false,"template":"","format":"standard","meta":{"footnotes":""},"categories":[830],"tags":[832],"class_list":["post-8224","post","type-post","status-publish","format-standard","hentry","category-airsoft-medier","tag-020-magazine"],"_links":{"self":[{"href":"https:\/\/www.airsoft.nu\/nyheter\/wp-json\/wp\/v2\/posts\/8224","targetHints":{"allow":["GET"]}}],"collection":[{"href":"https:\/\/www.airsoft.nu\/nyheter\/wp-json\/wp\/v2\/posts"}],"about":[{"href":"https:\/\/www.airsoft.nu\/nyheter\/wp-json\/wp\/v2\/types\/post"}],"author":[{"embeddable":true,"href":"https:\/\/www.airsoft.nu\/nyheter\/wp-json\/wp\/v2\/users\/3"}],"replies":[{"embeddable":true,"href":"https:\/\/www.airsoft.nu\/nyheter\/wp-json\/wp\/v2\/comments?post=8224"}],"version-history":[{"count":2,"href":"https:\/\/www.airsoft.nu\/nyheter\/wp-json\/wp\/v2\/posts\/8224\/revisions"}],"predecessor-version":[{"id":8227,"href":"https:\/\/www.airsoft.nu\/nyheter\/wp-json\/wp\/v2\/posts\/8224\/revisions\/8227"}],"wp:attachment":[{"href":"https:\/\/www.airsoft.nu\/nyheter\/wp-json\/wp\/v2\/media?parent=8224"}],"wp:term":[{"taxonomy":"category","embeddable":true,"href":"https:\/\/www.airsoft.nu\/nyheter\/wp-json\/wp\/v2\/categories?post=8224"},{"taxonomy":"post_tag","embeddable":true,"href":"https:\/\/www.airsoft.nu\/nyheter\/wp-json\/wp\/v2\/tags?post=8224"}],"curies":[{"name":"wp","href":"https:\/\/api.w.org\/{rel}","templated":true}]}}