{"id":9107,"date":"2016-06-25T19:29:18","date_gmt":"2016-06-25T17:29:18","guid":{"rendered":"http:\/\/www.airsoft.nu\/nyheter\/?p=9107"},"modified":"2016-06-25T19:29:18","modified_gmt":"2016-06-25T17:29:18","slug":"ny-agare-till-forumet-waf-se","status":"publish","type":"post","link":"https:\/\/www.airsoft.nu\/nyheter\/2016\/06\/25\/ny-agare-till-forumet-waf-se\/","title":{"rendered":"Ny \u00e4gare till forumet WAF.se"},"content":{"rendered":"<p><img decoding=\"async\" class=\"aligncenter size-large wp-image-9108\" src=\"https:\/\/www.airsoft.nu\/nyheter\/files\/2016\/06\/nya_waf-1024x576.jpg\" alt=\"Nya WAF\" width=\"630\" srcset=\"https:\/\/www.airsoft.nu\/nyheter\/files\/2016\/06\/nya_waf-1024x576.jpg 1024w, https:\/\/www.airsoft.nu\/nyheter\/files\/2016\/06\/nya_waf-768x432.jpg 768w, https:\/\/www.airsoft.nu\/nyheter\/files\/2016\/06\/nya_waf.jpg 1920w\" sizes=\"(max-width: 1024px) 100vw, 1024px\" \/><\/p>\n<p><strong>Forumet WAF.se (W\u00e4stmanlands Airsoft Forum) har ny \u00e4gare och kommer d\u00e4rmed att forts\u00e4tta existera. Det var i slutet av f\u00f6rra \u00e5ret som <a href=\"https:\/\/www.airsoft.nu\/nyheter\/2015\/12\/17\/eldsjalar-sokes-till-airsoften-i-vastmanland\/\">d\u00e5varande \u00e4gare<\/a> efterlyste n\u00e5gon eller n\u00e5gra som ville ta \u00f6ver \u00e4gandet och driften annars skulle det l\u00e4ggas ner.<\/strong><\/p>\n<blockquote><p>Nya administrat\u00f6rer funna!<\/p>\n<p>Den nya administrat\u00f6ren och \u00e4garen av WAF kommer att bli Oscar &#8221;Hamster&#8221; Nore. D\u00e4rmed \u00e4r nedl\u00e4ggning av forumet ej aktuellt!<\/p>\n<p>Arbetet med att l\u00e4mna \u00f6ver forumet \u00e4r i full g\u00e5ng. Eventuell kontakt g\u00e4llande forumet\/aktivitet\/whatever tas h\u00e4danefter med Oscar.<\/p>\n<p>Mvh,<br \/>\nJonathan aka &#8221;Gorian&#8221;<\/p>\n<p><a href=\"http:\/\/www.waf.se\/forum\/viewtopic.php?p=37814&amp;f=2#p37814\" target=\"_blank\">K\u00e4lla och l\u00e4s mer<\/a><\/p><\/blockquote>\n","protected":false},"excerpt":{"rendered":"<p>Forumet WAF.se (W\u00e4stmanlands Airsoft Forum) har ny \u00e4gare och kommer d\u00e4rmed att forts\u00e4tta existera. Det var i slutet av f\u00f6rra \u00e5ret som d\u00e5varande \u00e4gare efterlyste n\u00e5gon eller n\u00e5gra som ville ta \u00f6ver \u00e4gandet och driften annars skulle det l\u00e4ggas ner. Nya administrat\u00f6rer funna! Den nya administrat\u00f6ren och \u00e4garen av WAF kommer att bli Oscar &#8221;Hamster&#8221; [&hellip;]<\/p>\n","protected":false},"author":3,"featured_media":0,"comment_status":"open","ping_status":"open","sticky":false,"template":"","format":"standard","meta":{"footnotes":""},"categories":[591],"tags":[37,26,641],"class_list":["post-9107","post","type-post","status-publish","format-standard","hentry","category-allmant","tag-vasteras","tag-waf","tag-wastmanlands-airsoft-forum"],"_links":{"self":[{"href":"https:\/\/www.airsoft.nu\/nyheter\/wp-json\/wp\/v2\/posts\/9107","targetHints":{"allow":["GET"]}}],"collection":[{"href":"https:\/\/www.airsoft.nu\/nyheter\/wp-json\/wp\/v2\/posts"}],"about":[{"href":"https:\/\/www.airsoft.nu\/nyheter\/wp-json\/wp\/v2\/types\/post"}],"author":[{"embeddable":true,"href":"https:\/\/www.airsoft.nu\/nyheter\/wp-json\/wp\/v2\/users\/3"}],"replies":[{"embeddable":true,"href":"https:\/\/www.airsoft.nu\/nyheter\/wp-json\/wp\/v2\/comments?post=9107"}],"version-history":[{"count":2,"href":"https:\/\/www.airsoft.nu\/nyheter\/wp-json\/wp\/v2\/posts\/9107\/revisions"}],"predecessor-version":[{"id":9111,"href":"https:\/\/www.airsoft.nu\/nyheter\/wp-json\/wp\/v2\/posts\/9107\/revisions\/9111"}],"wp:attachment":[{"href":"https:\/\/www.airsoft.nu\/nyheter\/wp-json\/wp\/v2\/media?parent=9107"}],"wp:term":[{"taxonomy":"category","embeddable":true,"href":"https:\/\/www.airsoft.nu\/nyheter\/wp-json\/wp\/v2\/categories?post=9107"},{"taxonomy":"post_tag","embeddable":true,"href":"https:\/\/www.airsoft.nu\/nyheter\/wp-json\/wp\/v2\/tags?post=9107"}],"curies":[{"name":"wp","href":"https:\/\/api.w.org\/{rel}","templated":true}]}}